{"id":696,"date":"2023-10-18T14:48:22","date_gmt":"2023-10-18T12:48:22","guid":{"rendered":"https:\/\/www.kban-festival-kusel.de\/?p=696"},"modified":"2024-06-26T13:25:14","modified_gmt":"2024-06-26T11:25:14","slug":"hc-baxxter-auf-dem-kban-festival-2024","status":"publish","type":"post","link":"https:\/\/www.kban-festival-kusel.de\/?p=696","title":{"rendered":"HC Baxxter auf dem KBAN-Festival 2024"},"content":{"rendered":"<p>Siehe<a href=\"https:\/\/www.kban-festival-kusel.de\/?p=1103\"> Statement zu Ausschluss HC Baxxter<\/a>.<\/p>\n<p>Tippi toppi Zeckenkirmespunk, sehr partytanzbar, unterhaltsam und umtriebig und zudem politisch geradeaus. Kirmestechno trifft 90er und Deutschpunk. Das Herz am richtigen Fleck sprengt jede S(ch)ubladenkultur. Im Gep\u00e4ck wie immer, neben ganz viel Hass auf die Zust\u00e4nde, auf diese Menschen und dieses Land, auch ganz viel Liebe f\u00fcr die Leute, die mit ihm Seite an Seite f\u00fcr mehr Gerechtigkeit k\u00e4mpfen, auf der Tanzfl\u00e4che abzappeln und in seinem Leben zu ihm stehen. Like it or not! <!--more--><\/p>\n<p>Vom puls Magazin:<br \/>\nDer n\u00e4chste K\u00fcnstler aus Hannover \u2013 wahrscheinlich ist es kein Zufall, dass man in dieser Stadt ein bisschen verr\u00fcckt wird. HC Baxxter ist sozusagen der kleine b\u00f6se Bruder von H.P. Baxxter, der aus den tiefsten Tiefen seines Unterbewusstseins hervorgekrochen ist. Er singt: &#8222;Ich hasse Deutschland&#8220; und &#8222;Der Morgen graut, und mir graut es auch vor ihm&#8220;. Damit klingt er wie die versteckte Z-Seite eines Scooter-Albums. Die Konzerte: Punk- und Rave-Happenings, bei denen kein Fu\u00df still bleibt. Und das, obwohl HC Baxxter die meiste Zeit einfach zu irgendwelchen kranken, selbst programmierten Beats auf der B\u00fchne umherspringt. Gro\u00df.<\/p>\n<div id=\"attachment_698\" style=\"width: 594px\" class=\"wp-caption aligncenter\"><a href=\"https:\/\/www.kban-festival-kusel.de\/wp-content\/uploads\/2023\/10\/HCBaxxter.jpg\"><img loading=\"lazy\" decoding=\"async\" aria-describedby=\"caption-attachment-698\" class=\"wp-image-698 size-large\" src=\"https:\/\/www.kban-festival-kusel.de\/wp-content\/uploads\/2023\/10\/HCBaxxter-1024x468.jpg\" alt=\"\" width=\"584\" height=\"267\" srcset=\"https:\/\/www.kban-festival-kusel.de\/wp-content\/uploads\/2023\/10\/HCBaxxter-1024x468.jpg 1024w, https:\/\/www.kban-festival-kusel.de\/wp-content\/uploads\/2023\/10\/HCBaxxter-300x137.jpg 300w, https:\/\/www.kban-festival-kusel.de\/wp-content\/uploads\/2023\/10\/HCBaxxter-768x351.jpg 768w, https:\/\/www.kban-festival-kusel.de\/wp-content\/uploads\/2023\/10\/HCBaxxter-500x228.jpg 500w, https:\/\/www.kban-festival-kusel.de\/wp-content\/uploads\/2023\/10\/HCBaxxter.jpg 1075w\" sizes=\"auto, (max-width: 584px) 100vw, 584px\" \/><\/a><p id=\"caption-attachment-698\" class=\"wp-caption-text\">Quelle: HC Baxxter<\/p><\/div>\n<p><iframe loading=\"lazy\" title=\"HC Baxxter - Definition von Gl\u00fcck (feat. Beckx) [F*cking Angry Cover]\" width=\"584\" height=\"329\" src=\"https:\/\/www.youtube.com\/embed\/bJeMra78ZSM?feature=oembed\" frameborder=\"0\" allow=\"accelerometer; autoplay; clipboard-write; encrypted-media; gyroscope; picture-in-picture; web-share\" referrerpolicy=\"strict-origin-when-cross-origin\" allowfullscreen><\/iframe><\/p>\n<p>Weitere Infos unter <a href=\"https:\/\/www.hcbaxxter.org\/\" target=\"_blank\" rel=\"noopener\">https:\/\/www.hcbaxxter.org\/<\/a><\/p>\n","protected":false},"excerpt":{"rendered":"<p>Siehe Statement zu Ausschluss HC Baxxter. Tippi toppi Zeckenkirmespunk, sehr partytanzbar, unterhaltsam und umtriebig und zudem politisch geradeaus. Kirmestechno trifft 90er und Deutschpunk. Das Herz am richtigen Fleck sprengt jede S(ch)ubladenkultur. Im Gep\u00e4ck wie immer, neben ganz viel Hass auf &hellip; <a href=\"https:\/\/www.kban-festival-kusel.de\/?p=696\">Weiterlesen <span class=\"meta-nav\">&rarr;<\/span><\/a><\/p>\n","protected":false},"author":1,"featured_media":0,"comment_status":"closed","ping_status":"open","sticky":false,"template":"","format":"standard","meta":{"footnotes":""},"categories":[1],"tags":[],"class_list":["post-696","post","type-post","status-publish","format-standard","hentry","category-uncategorized"],"yoast_head":"<!-- This site is optimized with the Yoast SEO plugin v27.4 - https:\/\/yoast.com\/product\/yoast-seo-wordpress\/ -->\n<title>HC Baxxter auf dem KBAN-Festival 2024 - Kein Bock auf Nazis Festival Kusel<\/title>\n<meta name=\"robots\" content=\"index, follow, max-snippet:-1, max-image-preview:large, max-video-preview:-1\" \/>\n<link rel=\"canonical\" href=\"https:\/\/www.kban-festival-kusel.de\/?p=696\" \/>\n<meta property=\"og:locale\" content=\"de_DE\" \/>\n<meta property=\"og:type\" content=\"article\" \/>\n<meta property=\"og:title\" content=\"HC Baxxter auf dem KBAN-Festival 2024 - Kein Bock auf Nazis Festival Kusel\" \/>\n<meta property=\"og:description\" content=\"Siehe Statement zu Ausschluss HC Baxxter. Tippi toppi Zeckenkirmespunk, sehr partytanzbar, unterhaltsam und umtriebig und zudem politisch geradeaus. Kirmestechno trifft 90er und Deutschpunk. Das Herz am richtigen Fleck sprengt jede S(ch)ubladenkultur. Im Gep\u00e4ck wie immer, neben ganz viel Hass auf &hellip; Weiterlesen &rarr;\" \/>\n<meta property=\"og:url\" content=\"https:\/\/www.kban-festival-kusel.de\/?p=696\" \/>\n<meta property=\"og:site_name\" content=\"Kein Bock auf Nazis Festival Kusel\" \/>\n<meta property=\"article:publisher\" content=\"https:\/\/www.facebook.com\/profile.php?id=100057395113347\" \/>\n<meta property=\"article:published_time\" content=\"2023-10-18T12:48:22+00:00\" \/>\n<meta property=\"article:modified_time\" content=\"2024-06-26T11:25:14+00:00\" \/>\n<meta property=\"og:image\" content=\"https:\/\/www.kban-festival-kusel.de\/wp-content\/uploads\/2023\/10\/HCBaxxter-1024x468.jpg\" \/>\n<meta name=\"author\" content=\"admin\" \/>\n<meta name=\"twitter:card\" content=\"summary_large_image\" \/>\n<meta name=\"twitter:label1\" content=\"Verfasst von\" \/>\n\t<meta name=\"twitter:data1\" content=\"admin\" \/>\n\t<meta name=\"twitter:label2\" content=\"Gesch\u00e4tzte Lesezeit\" \/>\n\t<meta name=\"twitter:data2\" content=\"2\u00a0Minuten\" \/>\n<script type=\"application\/ld+json\" class=\"yoast-schema-graph\">{\"@context\":\"https:\\\/\\\/schema.org\",\"@graph\":[{\"@type\":\"Article\",\"@id\":\"https:\\\/\\\/www.kban-festival-kusel.de\\\/?p=696#article\",\"isPartOf\":{\"@id\":\"https:\\\/\\\/www.kban-festival-kusel.de\\\/?p=696\"},\"author\":{\"name\":\"admin\",\"@id\":\"https:\\\/\\\/www.kban-festival-kusel.de\\\/#\\\/schema\\\/person\\\/5135a86992201df79b1b068e098a9689\"},\"headline\":\"HC Baxxter auf dem KBAN-Festival 2024\",\"datePublished\":\"2023-10-18T12:48:22+00:00\",\"dateModified\":\"2024-06-26T11:25:14+00:00\",\"mainEntityOfPage\":{\"@id\":\"https:\\\/\\\/www.kban-festival-kusel.de\\\/?p=696\"},\"wordCount\":222,\"publisher\":{\"@id\":\"https:\\\/\\\/www.kban-festival-kusel.de\\\/#organization\"},\"image\":{\"@id\":\"https:\\\/\\\/www.kban-festival-kusel.de\\\/?p=696#primaryimage\"},\"thumbnailUrl\":\"https:\\\/\\\/www.kban-festival-kusel.de\\\/wp-content\\\/uploads\\\/2023\\\/10\\\/HCBaxxter-1024x468.jpg\",\"articleSection\":[\"Uncategorized\"],\"inLanguage\":\"de\"},{\"@type\":\"WebPage\",\"@id\":\"https:\\\/\\\/www.kban-festival-kusel.de\\\/?p=696\",\"url\":\"https:\\\/\\\/www.kban-festival-kusel.de\\\/?p=696\",\"name\":\"HC Baxxter auf dem KBAN-Festival 2024 - Kein Bock auf Nazis Festival Kusel\",\"isPartOf\":{\"@id\":\"https:\\\/\\\/www.kban-festival-kusel.de\\\/#website\"},\"primaryImageOfPage\":{\"@id\":\"https:\\\/\\\/www.kban-festival-kusel.de\\\/?p=696#primaryimage\"},\"image\":{\"@id\":\"https:\\\/\\\/www.kban-festival-kusel.de\\\/?p=696#primaryimage\"},\"thumbnailUrl\":\"https:\\\/\\\/www.kban-festival-kusel.de\\\/wp-content\\\/uploads\\\/2023\\\/10\\\/HCBaxxter-1024x468.jpg\",\"datePublished\":\"2023-10-18T12:48:22+00:00\",\"dateModified\":\"2024-06-26T11:25:14+00:00\",\"breadcrumb\":{\"@id\":\"https:\\\/\\\/www.kban-festival-kusel.de\\\/?p=696#breadcrumb\"},\"inLanguage\":\"de\",\"potentialAction\":[{\"@type\":\"ReadAction\",\"target\":[\"https:\\\/\\\/www.kban-festival-kusel.de\\\/?p=696\"]}]},{\"@type\":\"ImageObject\",\"inLanguage\":\"de\",\"@id\":\"https:\\\/\\\/www.kban-festival-kusel.de\\\/?p=696#primaryimage\",\"url\":\"https:\\\/\\\/www.kban-festival-kusel.de\\\/wp-content\\\/uploads\\\/2023\\\/10\\\/HCBaxxter.jpg\",\"contentUrl\":\"https:\\\/\\\/www.kban-festival-kusel.de\\\/wp-content\\\/uploads\\\/2023\\\/10\\\/HCBaxxter.jpg\",\"width\":1075,\"height\":491},{\"@type\":\"BreadcrumbList\",\"@id\":\"https:\\\/\\\/www.kban-festival-kusel.de\\\/?p=696#breadcrumb\",\"itemListElement\":[{\"@type\":\"ListItem\",\"position\":1,\"name\":\"Startseite\",\"item\":\"https:\\\/\\\/www.kban-festival-kusel.de\\\/\"},{\"@type\":\"ListItem\",\"position\":2,\"name\":\"HC Baxxter auf dem KBAN-Festival 2024\"}]},{\"@type\":\"WebSite\",\"@id\":\"https:\\\/\\\/www.kban-festival-kusel.de\\\/#website\",\"url\":\"https:\\\/\\\/www.kban-festival-kusel.de\\\/\",\"name\":\"Kein Bock auf Nazis Festival Kusel\",\"description\":\"Kein Bock auf Nazis Festival Kusel - Gemeinsam gegen rechts\",\"publisher\":{\"@id\":\"https:\\\/\\\/www.kban-festival-kusel.de\\\/#organization\"},\"potentialAction\":[{\"@type\":\"SearchAction\",\"target\":{\"@type\":\"EntryPoint\",\"urlTemplate\":\"https:\\\/\\\/www.kban-festival-kusel.de\\\/?s={search_term_string}\"},\"query-input\":{\"@type\":\"PropertyValueSpecification\",\"valueRequired\":true,\"valueName\":\"search_term_string\"}}],\"inLanguage\":\"de\"},{\"@type\":\"Organization\",\"@id\":\"https:\\\/\\\/www.kban-festival-kusel.de\\\/#organization\",\"name\":\"Kein Bock auf Nazis Festival Kusel\",\"url\":\"https:\\\/\\\/www.kban-festival-kusel.de\\\/\",\"logo\":{\"@type\":\"ImageObject\",\"inLanguage\":\"de\",\"@id\":\"https:\\\/\\\/www.kban-festival-kusel.de\\\/#\\\/schema\\\/logo\\\/image\\\/\",\"url\":\"https:\\\/\\\/www.kban-festival-kusel.de\\\/wp-content\\\/uploads\\\/2023\\\/04\\\/cropped-header.jpg\",\"contentUrl\":\"https:\\\/\\\/www.kban-festival-kusel.de\\\/wp-content\\\/uploads\\\/2023\\\/04\\\/cropped-header.jpg\",\"width\":1000,\"height\":370,\"caption\":\"Kein Bock auf Nazis Festival Kusel\"},\"image\":{\"@id\":\"https:\\\/\\\/www.kban-festival-kusel.de\\\/#\\\/schema\\\/logo\\\/image\\\/\"},\"sameAs\":[\"https:\\\/\\\/www.facebook.com\\\/profile.php?id=100057395113347\"]},{\"@type\":\"Person\",\"@id\":\"https:\\\/\\\/www.kban-festival-kusel.de\\\/#\\\/schema\\\/person\\\/5135a86992201df79b1b068e098a9689\",\"name\":\"admin\",\"image\":{\"@type\":\"ImageObject\",\"inLanguage\":\"de\",\"@id\":\"https:\\\/\\\/secure.gravatar.com\\\/avatar\\\/0d7f04ceaeb5ee73069cfbeb92fbec6f1465b55f4be38defcc2737325ba33935?s=96&d=mm&r=g\",\"url\":\"https:\\\/\\\/secure.gravatar.com\\\/avatar\\\/0d7f04ceaeb5ee73069cfbeb92fbec6f1465b55f4be38defcc2737325ba33935?s=96&d=mm&r=g\",\"contentUrl\":\"https:\\\/\\\/secure.gravatar.com\\\/avatar\\\/0d7f04ceaeb5ee73069cfbeb92fbec6f1465b55f4be38defcc2737325ba33935?s=96&d=mm&r=g\",\"caption\":\"admin\"},\"sameAs\":[\"https:\\\/\\\/www.kban-festival-kusel.de\"],\"url\":\"https:\\\/\\\/www.kban-festival-kusel.de\\\/?author=1\"}]}<\/script>\n<!-- \/ Yoast SEO plugin. -->","yoast_head_json":{"title":"HC Baxxter auf dem KBAN-Festival 2024 - Kein Bock auf Nazis Festival Kusel","robots":{"index":"index","follow":"follow","max-snippet":"max-snippet:-1","max-image-preview":"max-image-preview:large","max-video-preview":"max-video-preview:-1"},"canonical":"https:\/\/www.kban-festival-kusel.de\/?p=696","og_locale":"de_DE","og_type":"article","og_title":"HC Baxxter auf dem KBAN-Festival 2024 - Kein Bock auf Nazis Festival Kusel","og_description":"Siehe Statement zu Ausschluss HC Baxxter. Tippi toppi Zeckenkirmespunk, sehr partytanzbar, unterhaltsam und umtriebig und zudem politisch geradeaus. Kirmestechno trifft 90er und Deutschpunk. Das Herz am richtigen Fleck sprengt jede S(ch)ubladenkultur. Im Gep\u00e4ck wie immer, neben ganz viel Hass auf &hellip; Weiterlesen &rarr;","og_url":"https:\/\/www.kban-festival-kusel.de\/?p=696","og_site_name":"Kein Bock auf Nazis Festival Kusel","article_publisher":"https:\/\/www.facebook.com\/profile.php?id=100057395113347","article_published_time":"2023-10-18T12:48:22+00:00","article_modified_time":"2024-06-26T11:25:14+00:00","og_image":[{"url":"https:\/\/www.kban-festival-kusel.de\/wp-content\/uploads\/2023\/10\/HCBaxxter-1024x468.jpg","type":"","width":"","height":""}],"author":"admin","twitter_card":"summary_large_image","twitter_misc":{"Verfasst von":"admin","Gesch\u00e4tzte Lesezeit":"2\u00a0Minuten"},"schema":{"@context":"https:\/\/schema.org","@graph":[{"@type":"Article","@id":"https:\/\/www.kban-festival-kusel.de\/?p=696#article","isPartOf":{"@id":"https:\/\/www.kban-festival-kusel.de\/?p=696"},"author":{"name":"admin","@id":"https:\/\/www.kban-festival-kusel.de\/#\/schema\/person\/5135a86992201df79b1b068e098a9689"},"headline":"HC Baxxter auf dem KBAN-Festival 2024","datePublished":"2023-10-18T12:48:22+00:00","dateModified":"2024-06-26T11:25:14+00:00","mainEntityOfPage":{"@id":"https:\/\/www.kban-festival-kusel.de\/?p=696"},"wordCount":222,"publisher":{"@id":"https:\/\/www.kban-festival-kusel.de\/#organization"},"image":{"@id":"https:\/\/www.kban-festival-kusel.de\/?p=696#primaryimage"},"thumbnailUrl":"https:\/\/www.kban-festival-kusel.de\/wp-content\/uploads\/2023\/10\/HCBaxxter-1024x468.jpg","articleSection":["Uncategorized"],"inLanguage":"de"},{"@type":"WebPage","@id":"https:\/\/www.kban-festival-kusel.de\/?p=696","url":"https:\/\/www.kban-festival-kusel.de\/?p=696","name":"HC Baxxter auf dem KBAN-Festival 2024 - Kein Bock auf Nazis Festival Kusel","isPartOf":{"@id":"https:\/\/www.kban-festival-kusel.de\/#website"},"primaryImageOfPage":{"@id":"https:\/\/www.kban-festival-kusel.de\/?p=696#primaryimage"},"image":{"@id":"https:\/\/www.kban-festival-kusel.de\/?p=696#primaryimage"},"thumbnailUrl":"https:\/\/www.kban-festival-kusel.de\/wp-content\/uploads\/2023\/10\/HCBaxxter-1024x468.jpg","datePublished":"2023-10-18T12:48:22+00:00","dateModified":"2024-06-26T11:25:14+00:00","breadcrumb":{"@id":"https:\/\/www.kban-festival-kusel.de\/?p=696#breadcrumb"},"inLanguage":"de","potentialAction":[{"@type":"ReadAction","target":["https:\/\/www.kban-festival-kusel.de\/?p=696"]}]},{"@type":"ImageObject","inLanguage":"de","@id":"https:\/\/www.kban-festival-kusel.de\/?p=696#primaryimage","url":"https:\/\/www.kban-festival-kusel.de\/wp-content\/uploads\/2023\/10\/HCBaxxter.jpg","contentUrl":"https:\/\/www.kban-festival-kusel.de\/wp-content\/uploads\/2023\/10\/HCBaxxter.jpg","width":1075,"height":491},{"@type":"BreadcrumbList","@id":"https:\/\/www.kban-festival-kusel.de\/?p=696#breadcrumb","itemListElement":[{"@type":"ListItem","position":1,"name":"Startseite","item":"https:\/\/www.kban-festival-kusel.de\/"},{"@type":"ListItem","position":2,"name":"HC Baxxter auf dem KBAN-Festival 2024"}]},{"@type":"WebSite","@id":"https:\/\/www.kban-festival-kusel.de\/#website","url":"https:\/\/www.kban-festival-kusel.de\/","name":"Kein Bock auf Nazis Festival Kusel","description":"Kein Bock auf Nazis Festival Kusel - Gemeinsam gegen rechts","publisher":{"@id":"https:\/\/www.kban-festival-kusel.de\/#organization"},"potentialAction":[{"@type":"SearchAction","target":{"@type":"EntryPoint","urlTemplate":"https:\/\/www.kban-festival-kusel.de\/?s={search_term_string}"},"query-input":{"@type":"PropertyValueSpecification","valueRequired":true,"valueName":"search_term_string"}}],"inLanguage":"de"},{"@type":"Organization","@id":"https:\/\/www.kban-festival-kusel.de\/#organization","name":"Kein Bock auf Nazis Festival Kusel","url":"https:\/\/www.kban-festival-kusel.de\/","logo":{"@type":"ImageObject","inLanguage":"de","@id":"https:\/\/www.kban-festival-kusel.de\/#\/schema\/logo\/image\/","url":"https:\/\/www.kban-festival-kusel.de\/wp-content\/uploads\/2023\/04\/cropped-header.jpg","contentUrl":"https:\/\/www.kban-festival-kusel.de\/wp-content\/uploads\/2023\/04\/cropped-header.jpg","width":1000,"height":370,"caption":"Kein Bock auf Nazis Festival Kusel"},"image":{"@id":"https:\/\/www.kban-festival-kusel.de\/#\/schema\/logo\/image\/"},"sameAs":["https:\/\/www.facebook.com\/profile.php?id=100057395113347"]},{"@type":"Person","@id":"https:\/\/www.kban-festival-kusel.de\/#\/schema\/person\/5135a86992201df79b1b068e098a9689","name":"admin","image":{"@type":"ImageObject","inLanguage":"de","@id":"https:\/\/secure.gravatar.com\/avatar\/0d7f04ceaeb5ee73069cfbeb92fbec6f1465b55f4be38defcc2737325ba33935?s=96&d=mm&r=g","url":"https:\/\/secure.gravatar.com\/avatar\/0d7f04ceaeb5ee73069cfbeb92fbec6f1465b55f4be38defcc2737325ba33935?s=96&d=mm&r=g","contentUrl":"https:\/\/secure.gravatar.com\/avatar\/0d7f04ceaeb5ee73069cfbeb92fbec6f1465b55f4be38defcc2737325ba33935?s=96&d=mm&r=g","caption":"admin"},"sameAs":["https:\/\/www.kban-festival-kusel.de"],"url":"https:\/\/www.kban-festival-kusel.de\/?author=1"}]}},"_links":{"self":[{"href":"https:\/\/www.kban-festival-kusel.de\/index.php?rest_route=\/wp\/v2\/posts\/696","targetHints":{"allow":["GET"]}}],"collection":[{"href":"https:\/\/www.kban-festival-kusel.de\/index.php?rest_route=\/wp\/v2\/posts"}],"about":[{"href":"https:\/\/www.kban-festival-kusel.de\/index.php?rest_route=\/wp\/v2\/types\/post"}],"author":[{"embeddable":true,"href":"https:\/\/www.kban-festival-kusel.de\/index.php?rest_route=\/wp\/v2\/users\/1"}],"replies":[{"embeddable":true,"href":"https:\/\/www.kban-festival-kusel.de\/index.php?rest_route=%2Fwp%2Fv2%2Fcomments&post=696"}],"version-history":[{"count":5,"href":"https:\/\/www.kban-festival-kusel.de\/index.php?rest_route=\/wp\/v2\/posts\/696\/revisions"}],"predecessor-version":[{"id":1106,"href":"https:\/\/www.kban-festival-kusel.de\/index.php?rest_route=\/wp\/v2\/posts\/696\/revisions\/1106"}],"wp:attachment":[{"href":"https:\/\/www.kban-festival-kusel.de\/index.php?rest_route=%2Fwp%2Fv2%2Fmedia&parent=696"}],"wp:term":[{"taxonomy":"category","embeddable":true,"href":"https:\/\/www.kban-festival-kusel.de\/index.php?rest_route=%2Fwp%2Fv2%2Fcategories&post=696"},{"taxonomy":"post_tag","embeddable":true,"href":"https:\/\/www.kban-festival-kusel.de\/index.php?rest_route=%2Fwp%2Fv2%2Ftags&post=696"}],"curies":[{"name":"wp","href":"https:\/\/api.w.org\/{rel}","templated":true}]}}