{"id":1570,"date":"2025-11-25T08:22:23","date_gmt":"2025-11-25T06:22:23","guid":{"rendered":"https:\/\/www.kban-festival-kusel.de\/?p=1570"},"modified":"2025-11-25T08:24:21","modified_gmt":"2025-11-25T06:24:21","slug":"festival-shirts-und-hoodies-2026","status":"publish","type":"post","link":"https:\/\/www.kban-festival-kusel.de\/?p=1570","title":{"rendered":"Festival-Shirts und Hoodies 2026"},"content":{"rendered":"<p>Die Bestellung der &#8222;Kein Bock auf Nazis&#8220;-Festival Shirts\/Hoodies erfolgt dieses Jahr wieder ausschlie\u00dflich \u00fcber die Mailadresse<a href=\"mailto:info@kban-festival-kusel.de\" target=\"_blank\" rel=\"noopener\"> info@kban-festival-kusel.de<\/a> .<\/p>\n<p><!--more--><\/p>\n<p>Bitte bei der Bestellung im Betreff Shirts\/Hoodies angeben. In der Mail dann die Menge, die Gr\u00f6\u00dfe sowie Shirt oder Hoodie. Die Bestellung wird erst wirksam, wenn das Geld im Voraus via PayPal oder \u00dcberweisung gezahlt wurde.<\/p>\n<p>Die Shirts und Hoodies sind Bio und Fairtrade und kosten 20 Euro bzw. 40 Euro.<\/p>\n<p>Die Secret-Gigs und der kommende Sieger-Act des Bandcontests sind aktuell noch verpixelt, werden aber nat\u00fcrlich als normale Logos auf das Shirt kommen \ud83d\ude42 .<\/p>\n<p><a href=\"https:\/\/www.kban-festival-kusel.de\/wp-content\/uploads\/2025\/11\/Shirts2026.jpg\"><img loading=\"lazy\" decoding=\"async\" class=\"aligncenter wp-image-1571\" src=\"https:\/\/www.kban-festival-kusel.de\/wp-content\/uploads\/2025\/11\/Shirts2026-300x161.jpg\" alt=\"\" width=\"400\" height=\"214\" srcset=\"https:\/\/www.kban-festival-kusel.de\/wp-content\/uploads\/2025\/11\/Shirts2026-300x161.jpg 300w, https:\/\/www.kban-festival-kusel.de\/wp-content\/uploads\/2025\/11\/Shirts2026-768x411.jpg 768w, https:\/\/www.kban-festival-kusel.de\/wp-content\/uploads\/2025\/11\/Shirts2026-500x268.jpg 500w, https:\/\/www.kban-festival-kusel.de\/wp-content\/uploads\/2025\/11\/Shirts2026.jpg 863w\" sizes=\"auto, (max-width: 400px) 100vw, 400px\" \/><\/a><\/p>\n","protected":false},"excerpt":{"rendered":"<p>Die Bestellung der &#8222;Kein Bock auf Nazis&#8220;-Festival Shirts\/Hoodies erfolgt dieses Jahr wieder ausschlie\u00dflich \u00fcber die Mailadresse info@kban-festival-kusel.de .<\/p>\n","protected":false},"author":1,"featured_media":0,"comment_status":"closed","ping_status":"open","sticky":false,"template":"","format":"standard","meta":{"footnotes":""},"categories":[1],"tags":[],"class_list":["post-1570","post","type-post","status-publish","format-standard","hentry","category-uncategorized"],"yoast_head":"<!-- This site is optimized with the Yoast SEO plugin v27.4 - https:\/\/yoast.com\/product\/yoast-seo-wordpress\/ -->\n<title>Festival-Shirts und Hoodies 2026 - Kein Bock auf Nazis Festival Kusel<\/title>\n<meta name=\"robots\" content=\"index, follow, max-snippet:-1, max-image-preview:large, max-video-preview:-1\" \/>\n<link rel=\"canonical\" href=\"https:\/\/www.kban-festival-kusel.de\/?p=1570\" \/>\n<meta property=\"og:locale\" content=\"de_DE\" \/>\n<meta property=\"og:type\" content=\"article\" \/>\n<meta property=\"og:title\" content=\"Festival-Shirts und Hoodies 2026 - Kein Bock auf Nazis Festival Kusel\" \/>\n<meta property=\"og:description\" content=\"Die Bestellung der &#8222;Kein Bock auf Nazis&#8220;-Festival Shirts\/Hoodies erfolgt dieses Jahr wieder ausschlie\u00dflich \u00fcber die Mailadresse info@kban-festival-kusel.de .\" \/>\n<meta property=\"og:url\" content=\"https:\/\/www.kban-festival-kusel.de\/?p=1570\" \/>\n<meta property=\"og:site_name\" content=\"Kein Bock auf Nazis Festival Kusel\" \/>\n<meta property=\"article:publisher\" content=\"https:\/\/www.facebook.com\/profile.php?id=100057395113347\" \/>\n<meta property=\"article:published_time\" content=\"2025-11-25T06:22:23+00:00\" \/>\n<meta property=\"article:modified_time\" content=\"2025-11-25T06:24:21+00:00\" \/>\n<meta property=\"og:image\" content=\"https:\/\/www.kban-festival-kusel.de\/wp-content\/uploads\/2025\/11\/Shirts2026.jpg\" \/>\n\t<meta property=\"og:image:width\" content=\"863\" \/>\n\t<meta property=\"og:image:height\" content=\"462\" \/>\n\t<meta property=\"og:image:type\" content=\"image\/jpeg\" \/>\n<meta name=\"author\" content=\"admin\" \/>\n<meta name=\"twitter:card\" content=\"summary_large_image\" \/>\n<meta name=\"twitter:label1\" content=\"Verfasst von\" \/>\n\t<meta name=\"twitter:data1\" content=\"admin\" \/>\n\t<meta name=\"twitter:label2\" content=\"Gesch\u00e4tzte Lesezeit\" \/>\n\t<meta name=\"twitter:data2\" content=\"1\u00a0Minute\" \/>\n<script type=\"application\/ld+json\" class=\"yoast-schema-graph\">{\"@context\":\"https:\\\/\\\/schema.org\",\"@graph\":[{\"@type\":\"Article\",\"@id\":\"https:\\\/\\\/www.kban-festival-kusel.de\\\/?p=1570#article\",\"isPartOf\":{\"@id\":\"https:\\\/\\\/www.kban-festival-kusel.de\\\/?p=1570\"},\"author\":{\"name\":\"admin\",\"@id\":\"https:\\\/\\\/www.kban-festival-kusel.de\\\/#\\\/schema\\\/person\\\/5135a86992201df79b1b068e098a9689\"},\"headline\":\"Festival-Shirts und Hoodies 2026\",\"datePublished\":\"2025-11-25T06:22:23+00:00\",\"dateModified\":\"2025-11-25T06:24:21+00:00\",\"mainEntityOfPage\":{\"@id\":\"https:\\\/\\\/www.kban-festival-kusel.de\\\/?p=1570\"},\"wordCount\":100,\"publisher\":{\"@id\":\"https:\\\/\\\/www.kban-festival-kusel.de\\\/#organization\"},\"image\":{\"@id\":\"https:\\\/\\\/www.kban-festival-kusel.de\\\/?p=1570#primaryimage\"},\"thumbnailUrl\":\"https:\\\/\\\/www.kban-festival-kusel.de\\\/wp-content\\\/uploads\\\/2025\\\/11\\\/Shirts2026-300x161.jpg\",\"articleSection\":[\"Uncategorized\"],\"inLanguage\":\"de\"},{\"@type\":\"WebPage\",\"@id\":\"https:\\\/\\\/www.kban-festival-kusel.de\\\/?p=1570\",\"url\":\"https:\\\/\\\/www.kban-festival-kusel.de\\\/?p=1570\",\"name\":\"Festival-Shirts und Hoodies 2026 - Kein Bock auf Nazis Festival Kusel\",\"isPartOf\":{\"@id\":\"https:\\\/\\\/www.kban-festival-kusel.de\\\/#website\"},\"primaryImageOfPage\":{\"@id\":\"https:\\\/\\\/www.kban-festival-kusel.de\\\/?p=1570#primaryimage\"},\"image\":{\"@id\":\"https:\\\/\\\/www.kban-festival-kusel.de\\\/?p=1570#primaryimage\"},\"thumbnailUrl\":\"https:\\\/\\\/www.kban-festival-kusel.de\\\/wp-content\\\/uploads\\\/2025\\\/11\\\/Shirts2026-300x161.jpg\",\"datePublished\":\"2025-11-25T06:22:23+00:00\",\"dateModified\":\"2025-11-25T06:24:21+00:00\",\"breadcrumb\":{\"@id\":\"https:\\\/\\\/www.kban-festival-kusel.de\\\/?p=1570#breadcrumb\"},\"inLanguage\":\"de\",\"potentialAction\":[{\"@type\":\"ReadAction\",\"target\":[\"https:\\\/\\\/www.kban-festival-kusel.de\\\/?p=1570\"]}]},{\"@type\":\"ImageObject\",\"inLanguage\":\"de\",\"@id\":\"https:\\\/\\\/www.kban-festival-kusel.de\\\/?p=1570#primaryimage\",\"url\":\"https:\\\/\\\/www.kban-festival-kusel.de\\\/wp-content\\\/uploads\\\/2025\\\/11\\\/Shirts2026.jpg\",\"contentUrl\":\"https:\\\/\\\/www.kban-festival-kusel.de\\\/wp-content\\\/uploads\\\/2025\\\/11\\\/Shirts2026.jpg\",\"width\":863,\"height\":462},{\"@type\":\"BreadcrumbList\",\"@id\":\"https:\\\/\\\/www.kban-festival-kusel.de\\\/?p=1570#breadcrumb\",\"itemListElement\":[{\"@type\":\"ListItem\",\"position\":1,\"name\":\"Startseite\",\"item\":\"https:\\\/\\\/www.kban-festival-kusel.de\\\/\"},{\"@type\":\"ListItem\",\"position\":2,\"name\":\"Festival-Shirts und Hoodies 2026\"}]},{\"@type\":\"WebSite\",\"@id\":\"https:\\\/\\\/www.kban-festival-kusel.de\\\/#website\",\"url\":\"https:\\\/\\\/www.kban-festival-kusel.de\\\/\",\"name\":\"Kein Bock auf Nazis Festival Kusel\",\"description\":\"Kein Bock auf Nazis Festival Kusel - Gemeinsam gegen rechts\",\"publisher\":{\"@id\":\"https:\\\/\\\/www.kban-festival-kusel.de\\\/#organization\"},\"potentialAction\":[{\"@type\":\"SearchAction\",\"target\":{\"@type\":\"EntryPoint\",\"urlTemplate\":\"https:\\\/\\\/www.kban-festival-kusel.de\\\/?s={search_term_string}\"},\"query-input\":{\"@type\":\"PropertyValueSpecification\",\"valueRequired\":true,\"valueName\":\"search_term_string\"}}],\"inLanguage\":\"de\"},{\"@type\":\"Organization\",\"@id\":\"https:\\\/\\\/www.kban-festival-kusel.de\\\/#organization\",\"name\":\"Kein Bock auf Nazis Festival Kusel\",\"url\":\"https:\\\/\\\/www.kban-festival-kusel.de\\\/\",\"logo\":{\"@type\":\"ImageObject\",\"inLanguage\":\"de\",\"@id\":\"https:\\\/\\\/www.kban-festival-kusel.de\\\/#\\\/schema\\\/logo\\\/image\\\/\",\"url\":\"https:\\\/\\\/www.kban-festival-kusel.de\\\/wp-content\\\/uploads\\\/2023\\\/04\\\/cropped-header.jpg\",\"contentUrl\":\"https:\\\/\\\/www.kban-festival-kusel.de\\\/wp-content\\\/uploads\\\/2023\\\/04\\\/cropped-header.jpg\",\"width\":1000,\"height\":370,\"caption\":\"Kein Bock auf Nazis Festival Kusel\"},\"image\":{\"@id\":\"https:\\\/\\\/www.kban-festival-kusel.de\\\/#\\\/schema\\\/logo\\\/image\\\/\"},\"sameAs\":[\"https:\\\/\\\/www.facebook.com\\\/profile.php?id=100057395113347\"]},{\"@type\":\"Person\",\"@id\":\"https:\\\/\\\/www.kban-festival-kusel.de\\\/#\\\/schema\\\/person\\\/5135a86992201df79b1b068e098a9689\",\"name\":\"admin\",\"image\":{\"@type\":\"ImageObject\",\"inLanguage\":\"de\",\"@id\":\"https:\\\/\\\/secure.gravatar.com\\\/avatar\\\/0d7f04ceaeb5ee73069cfbeb92fbec6f1465b55f4be38defcc2737325ba33935?s=96&d=mm&r=g\",\"url\":\"https:\\\/\\\/secure.gravatar.com\\\/avatar\\\/0d7f04ceaeb5ee73069cfbeb92fbec6f1465b55f4be38defcc2737325ba33935?s=96&d=mm&r=g\",\"contentUrl\":\"https:\\\/\\\/secure.gravatar.com\\\/avatar\\\/0d7f04ceaeb5ee73069cfbeb92fbec6f1465b55f4be38defcc2737325ba33935?s=96&d=mm&r=g\",\"caption\":\"admin\"},\"sameAs\":[\"https:\\\/\\\/www.kban-festival-kusel.de\"],\"url\":\"https:\\\/\\\/www.kban-festival-kusel.de\\\/?author=1\"}]}<\/script>\n<!-- \/ Yoast SEO plugin. -->","yoast_head_json":{"title":"Festival-Shirts und Hoodies 2026 - Kein Bock auf Nazis Festival Kusel","robots":{"index":"index","follow":"follow","max-snippet":"max-snippet:-1","max-image-preview":"max-image-preview:large","max-video-preview":"max-video-preview:-1"},"canonical":"https:\/\/www.kban-festival-kusel.de\/?p=1570","og_locale":"de_DE","og_type":"article","og_title":"Festival-Shirts und Hoodies 2026 - Kein Bock auf Nazis Festival Kusel","og_description":"Die Bestellung der &#8222;Kein Bock auf Nazis&#8220;-Festival Shirts\/Hoodies erfolgt dieses Jahr wieder ausschlie\u00dflich \u00fcber die Mailadresse info@kban-festival-kusel.de .","og_url":"https:\/\/www.kban-festival-kusel.de\/?p=1570","og_site_name":"Kein Bock auf Nazis Festival Kusel","article_publisher":"https:\/\/www.facebook.com\/profile.php?id=100057395113347","article_published_time":"2025-11-25T06:22:23+00:00","article_modified_time":"2025-11-25T06:24:21+00:00","og_image":[{"width":863,"height":462,"url":"https:\/\/www.kban-festival-kusel.de\/wp-content\/uploads\/2025\/11\/Shirts2026.jpg","type":"image\/jpeg"}],"author":"admin","twitter_card":"summary_large_image","twitter_misc":{"Verfasst von":"admin","Gesch\u00e4tzte Lesezeit":"1\u00a0Minute"},"schema":{"@context":"https:\/\/schema.org","@graph":[{"@type":"Article","@id":"https:\/\/www.kban-festival-kusel.de\/?p=1570#article","isPartOf":{"@id":"https:\/\/www.kban-festival-kusel.de\/?p=1570"},"author":{"name":"admin","@id":"https:\/\/www.kban-festival-kusel.de\/#\/schema\/person\/5135a86992201df79b1b068e098a9689"},"headline":"Festival-Shirts und Hoodies 2026","datePublished":"2025-11-25T06:22:23+00:00","dateModified":"2025-11-25T06:24:21+00:00","mainEntityOfPage":{"@id":"https:\/\/www.kban-festival-kusel.de\/?p=1570"},"wordCount":100,"publisher":{"@id":"https:\/\/www.kban-festival-kusel.de\/#organization"},"image":{"@id":"https:\/\/www.kban-festival-kusel.de\/?p=1570#primaryimage"},"thumbnailUrl":"https:\/\/www.kban-festival-kusel.de\/wp-content\/uploads\/2025\/11\/Shirts2026-300x161.jpg","articleSection":["Uncategorized"],"inLanguage":"de"},{"@type":"WebPage","@id":"https:\/\/www.kban-festival-kusel.de\/?p=1570","url":"https:\/\/www.kban-festival-kusel.de\/?p=1570","name":"Festival-Shirts und Hoodies 2026 - Kein Bock auf Nazis Festival Kusel","isPartOf":{"@id":"https:\/\/www.kban-festival-kusel.de\/#website"},"primaryImageOfPage":{"@id":"https:\/\/www.kban-festival-kusel.de\/?p=1570#primaryimage"},"image":{"@id":"https:\/\/www.kban-festival-kusel.de\/?p=1570#primaryimage"},"thumbnailUrl":"https:\/\/www.kban-festival-kusel.de\/wp-content\/uploads\/2025\/11\/Shirts2026-300x161.jpg","datePublished":"2025-11-25T06:22:23+00:00","dateModified":"2025-11-25T06:24:21+00:00","breadcrumb":{"@id":"https:\/\/www.kban-festival-kusel.de\/?p=1570#breadcrumb"},"inLanguage":"de","potentialAction":[{"@type":"ReadAction","target":["https:\/\/www.kban-festival-kusel.de\/?p=1570"]}]},{"@type":"ImageObject","inLanguage":"de","@id":"https:\/\/www.kban-festival-kusel.de\/?p=1570#primaryimage","url":"https:\/\/www.kban-festival-kusel.de\/wp-content\/uploads\/2025\/11\/Shirts2026.jpg","contentUrl":"https:\/\/www.kban-festival-kusel.de\/wp-content\/uploads\/2025\/11\/Shirts2026.jpg","width":863,"height":462},{"@type":"BreadcrumbList","@id":"https:\/\/www.kban-festival-kusel.de\/?p=1570#breadcrumb","itemListElement":[{"@type":"ListItem","position":1,"name":"Startseite","item":"https:\/\/www.kban-festival-kusel.de\/"},{"@type":"ListItem","position":2,"name":"Festival-Shirts und Hoodies 2026"}]},{"@type":"WebSite","@id":"https:\/\/www.kban-festival-kusel.de\/#website","url":"https:\/\/www.kban-festival-kusel.de\/","name":"Kein Bock auf Nazis Festival Kusel","description":"Kein Bock auf Nazis Festival Kusel - Gemeinsam gegen rechts","publisher":{"@id":"https:\/\/www.kban-festival-kusel.de\/#organization"},"potentialAction":[{"@type":"SearchAction","target":{"@type":"EntryPoint","urlTemplate":"https:\/\/www.kban-festival-kusel.de\/?s={search_term_string}"},"query-input":{"@type":"PropertyValueSpecification","valueRequired":true,"valueName":"search_term_string"}}],"inLanguage":"de"},{"@type":"Organization","@id":"https:\/\/www.kban-festival-kusel.de\/#organization","name":"Kein Bock auf Nazis Festival Kusel","url":"https:\/\/www.kban-festival-kusel.de\/","logo":{"@type":"ImageObject","inLanguage":"de","@id":"https:\/\/www.kban-festival-kusel.de\/#\/schema\/logo\/image\/","url":"https:\/\/www.kban-festival-kusel.de\/wp-content\/uploads\/2023\/04\/cropped-header.jpg","contentUrl":"https:\/\/www.kban-festival-kusel.de\/wp-content\/uploads\/2023\/04\/cropped-header.jpg","width":1000,"height":370,"caption":"Kein Bock auf Nazis Festival Kusel"},"image":{"@id":"https:\/\/www.kban-festival-kusel.de\/#\/schema\/logo\/image\/"},"sameAs":["https:\/\/www.facebook.com\/profile.php?id=100057395113347"]},{"@type":"Person","@id":"https:\/\/www.kban-festival-kusel.de\/#\/schema\/person\/5135a86992201df79b1b068e098a9689","name":"admin","image":{"@type":"ImageObject","inLanguage":"de","@id":"https:\/\/secure.gravatar.com\/avatar\/0d7f04ceaeb5ee73069cfbeb92fbec6f1465b55f4be38defcc2737325ba33935?s=96&d=mm&r=g","url":"https:\/\/secure.gravatar.com\/avatar\/0d7f04ceaeb5ee73069cfbeb92fbec6f1465b55f4be38defcc2737325ba33935?s=96&d=mm&r=g","contentUrl":"https:\/\/secure.gravatar.com\/avatar\/0d7f04ceaeb5ee73069cfbeb92fbec6f1465b55f4be38defcc2737325ba33935?s=96&d=mm&r=g","caption":"admin"},"sameAs":["https:\/\/www.kban-festival-kusel.de"],"url":"https:\/\/www.kban-festival-kusel.de\/?author=1"}]}},"_links":{"self":[{"href":"https:\/\/www.kban-festival-kusel.de\/index.php?rest_route=\/wp\/v2\/posts\/1570","targetHints":{"allow":["GET"]}}],"collection":[{"href":"https:\/\/www.kban-festival-kusel.de\/index.php?rest_route=\/wp\/v2\/posts"}],"about":[{"href":"https:\/\/www.kban-festival-kusel.de\/index.php?rest_route=\/wp\/v2\/types\/post"}],"author":[{"embeddable":true,"href":"https:\/\/www.kban-festival-kusel.de\/index.php?rest_route=\/wp\/v2\/users\/1"}],"replies":[{"embeddable":true,"href":"https:\/\/www.kban-festival-kusel.de\/index.php?rest_route=%2Fwp%2Fv2%2Fcomments&post=1570"}],"version-history":[{"count":4,"href":"https:\/\/www.kban-festival-kusel.de\/index.php?rest_route=\/wp\/v2\/posts\/1570\/revisions"}],"predecessor-version":[{"id":1575,"href":"https:\/\/www.kban-festival-kusel.de\/index.php?rest_route=\/wp\/v2\/posts\/1570\/revisions\/1575"}],"wp:attachment":[{"href":"https:\/\/www.kban-festival-kusel.de\/index.php?rest_route=%2Fwp%2Fv2%2Fmedia&parent=1570"}],"wp:term":[{"taxonomy":"category","embeddable":true,"href":"https:\/\/www.kban-festival-kusel.de\/index.php?rest_route=%2Fwp%2Fv2%2Fcategories&post=1570"},{"taxonomy":"post_tag","embeddable":true,"href":"https:\/\/www.kban-festival-kusel.de\/index.php?rest_route=%2Fwp%2Fv2%2Ftags&post=1570"}],"curies":[{"name":"wp","href":"https:\/\/api.w.org\/{rel}","templated":true}]}}