{"id":1485,"date":"2025-05-23T10:16:03","date_gmt":"2025-05-23T08:16:03","guid":{"rendered":"https:\/\/www.kban-festival-kusel.de\/?p=1485"},"modified":"2025-05-23T10:16:03","modified_gmt":"2025-05-23T08:16:03","slug":"abstimmung-fuer-kban-festival-kusel-aufgrund-nominierung-fuer-publikumspreis-des-ehrenamtspreises-2025-der-versicherungskammer-stiftung","status":"publish","type":"post","link":"https:\/\/www.kban-festival-kusel.de\/?p=1485","title":{"rendered":"Abstimmung f\u00fcr KBAN-Festival Kusel aufgrund Nominierung f\u00fcr Publikumspreis des Ehrenamtspreises 2025 der Versicherungskammer Stiftung"},"content":{"rendered":"<p>Wir sind dieses Jahr f\u00fcr den Publikumspreis des Ehrenamtspreises 2025<br \/>\nder Versicherungskammer Stiftung nominiert. Stimmt bitte f\u00fcr uns ab,<br \/>\ndamit wir das Festival auch in Zukunft antikapitalistisch und unkommerziell bei freiem Eintritt halten k\u00f6nnen&#8230;<\/p>\n<p><a href=\"https:\/\/versicherungskammer-stiftung.de\/preise\/ehrenamtspreis\/ehrenamtspreis-2025\/publikumspreis\/ausschreibung\/kein-bock-auf-nazis-festival\/\" target=\"_blank\" rel=\"noopener\">https:\/\/versicherungskammer-stiftung.de\/preise\/ehrenamtspreis\/ehrenamtspreis-2025\/publikumspreis\/ausschreibung\/kein-bock-auf-nazis-festival\/<\/a><\/p>\n<p>Gerne k\u00f6nnt ihr dies auch teilen! Danke.<\/p>\n","protected":false},"excerpt":{"rendered":"<p>Wir sind dieses Jahr f\u00fcr den Publikumspreis des Ehrenamtspreises 2025 der Versicherungskammer Stiftung nominiert. Stimmt bitte f\u00fcr uns ab, damit wir das Festival auch in Zukunft antikapitalistisch und unkommerziell bei freiem Eintritt halten k\u00f6nnen&#8230; https:\/\/versicherungskammer-stiftung.de\/preise\/ehrenamtspreis\/ehrenamtspreis-2025\/publikumspreis\/ausschreibung\/kein-bock-auf-nazis-festival\/ Gerne k\u00f6nnt ihr dies auch &hellip; <a href=\"https:\/\/www.kban-festival-kusel.de\/?p=1485\">Weiterlesen <span class=\"meta-nav\">&rarr;<\/span><\/a><\/p>\n","protected":false},"author":1,"featured_media":0,"comment_status":"closed","ping_status":"open","sticky":false,"template":"","format":"standard","meta":{"footnotes":""},"categories":[1],"tags":[],"class_list":["post-1485","post","type-post","status-publish","format-standard","hentry","category-uncategorized"],"yoast_head":"<!-- This site is optimized with the Yoast SEO plugin v27.4 - https:\/\/yoast.com\/product\/yoast-seo-wordpress\/ -->\n<title>Abstimmung f\u00fcr KBAN-Festival Kusel aufgrund Nominierung f\u00fcr Publikumspreis des Ehrenamtspreises 2025 der Versicherungskammer Stiftung - Kein Bock auf Nazis Festival Kusel<\/title>\n<meta name=\"robots\" content=\"index, follow, max-snippet:-1, max-image-preview:large, max-video-preview:-1\" \/>\n<link rel=\"canonical\" href=\"https:\/\/www.kban-festival-kusel.de\/?p=1485\" \/>\n<meta property=\"og:locale\" content=\"de_DE\" \/>\n<meta property=\"og:type\" content=\"article\" \/>\n<meta property=\"og:title\" content=\"Abstimmung f\u00fcr KBAN-Festival Kusel aufgrund Nominierung f\u00fcr Publikumspreis des Ehrenamtspreises 2025 der Versicherungskammer Stiftung - Kein Bock auf Nazis Festival Kusel\" \/>\n<meta property=\"og:description\" content=\"Wir sind dieses Jahr f\u00fcr den Publikumspreis des Ehrenamtspreises 2025 der Versicherungskammer Stiftung nominiert. Stimmt bitte f\u00fcr uns ab, damit wir das Festival auch in Zukunft antikapitalistisch und unkommerziell bei freiem Eintritt halten k\u00f6nnen&#8230; https:\/\/versicherungskammer-stiftung.de\/preise\/ehrenamtspreis\/ehrenamtspreis-2025\/publikumspreis\/ausschreibung\/kein-bock-auf-nazis-festival\/ Gerne k\u00f6nnt ihr dies auch &hellip; Weiterlesen &rarr;\" \/>\n<meta property=\"og:url\" content=\"https:\/\/www.kban-festival-kusel.de\/?p=1485\" \/>\n<meta property=\"og:site_name\" content=\"Kein Bock auf Nazis Festival Kusel\" \/>\n<meta property=\"article:publisher\" content=\"https:\/\/www.facebook.com\/profile.php?id=100057395113347\" \/>\n<meta property=\"article:published_time\" content=\"2025-05-23T08:16:03+00:00\" \/>\n<meta name=\"author\" content=\"admin\" \/>\n<meta name=\"twitter:card\" content=\"summary_large_image\" \/>\n<meta name=\"twitter:label1\" content=\"Verfasst von\" \/>\n\t<meta name=\"twitter:data1\" content=\"admin\" \/>\n\t<meta name=\"twitter:label2\" content=\"Gesch\u00e4tzte Lesezeit\" \/>\n\t<meta name=\"twitter:data2\" content=\"1\u00a0Minute\" \/>\n<script type=\"application\/ld+json\" class=\"yoast-schema-graph\">{\"@context\":\"https:\\\/\\\/schema.org\",\"@graph\":[{\"@type\":\"Article\",\"@id\":\"https:\\\/\\\/www.kban-festival-kusel.de\\\/?p=1485#article\",\"isPartOf\":{\"@id\":\"https:\\\/\\\/www.kban-festival-kusel.de\\\/?p=1485\"},\"author\":{\"name\":\"admin\",\"@id\":\"https:\\\/\\\/www.kban-festival-kusel.de\\\/#\\\/schema\\\/person\\\/5135a86992201df79b1b068e098a9689\"},\"headline\":\"Abstimmung f\u00fcr KBAN-Festival Kusel aufgrund Nominierung f\u00fcr Publikumspreis des Ehrenamtspreises 2025 der Versicherungskammer Stiftung\",\"datePublished\":\"2025-05-23T08:16:03+00:00\",\"mainEntityOfPage\":{\"@id\":\"https:\\\/\\\/www.kban-festival-kusel.de\\\/?p=1485\"},\"wordCount\":68,\"publisher\":{\"@id\":\"https:\\\/\\\/www.kban-festival-kusel.de\\\/#organization\"},\"articleSection\":[\"Uncategorized\"],\"inLanguage\":\"de\"},{\"@type\":\"WebPage\",\"@id\":\"https:\\\/\\\/www.kban-festival-kusel.de\\\/?p=1485\",\"url\":\"https:\\\/\\\/www.kban-festival-kusel.de\\\/?p=1485\",\"name\":\"Abstimmung f\u00fcr KBAN-Festival Kusel aufgrund Nominierung f\u00fcr Publikumspreis des Ehrenamtspreises 2025 der Versicherungskammer Stiftung - Kein Bock auf Nazis Festival Kusel\",\"isPartOf\":{\"@id\":\"https:\\\/\\\/www.kban-festival-kusel.de\\\/#website\"},\"datePublished\":\"2025-05-23T08:16:03+00:00\",\"breadcrumb\":{\"@id\":\"https:\\\/\\\/www.kban-festival-kusel.de\\\/?p=1485#breadcrumb\"},\"inLanguage\":\"de\",\"potentialAction\":[{\"@type\":\"ReadAction\",\"target\":[\"https:\\\/\\\/www.kban-festival-kusel.de\\\/?p=1485\"]}]},{\"@type\":\"BreadcrumbList\",\"@id\":\"https:\\\/\\\/www.kban-festival-kusel.de\\\/?p=1485#breadcrumb\",\"itemListElement\":[{\"@type\":\"ListItem\",\"position\":1,\"name\":\"Startseite\",\"item\":\"https:\\\/\\\/www.kban-festival-kusel.de\\\/\"},{\"@type\":\"ListItem\",\"position\":2,\"name\":\"Abstimmung f\u00fcr KBAN-Festival Kusel aufgrund Nominierung f\u00fcr Publikumspreis des Ehrenamtspreises 2025 der Versicherungskammer Stiftung\"}]},{\"@type\":\"WebSite\",\"@id\":\"https:\\\/\\\/www.kban-festival-kusel.de\\\/#website\",\"url\":\"https:\\\/\\\/www.kban-festival-kusel.de\\\/\",\"name\":\"Kein Bock auf Nazis Festival Kusel\",\"description\":\"Kein Bock auf Nazis Festival Kusel - Gemeinsam gegen rechts\",\"publisher\":{\"@id\":\"https:\\\/\\\/www.kban-festival-kusel.de\\\/#organization\"},\"potentialAction\":[{\"@type\":\"SearchAction\",\"target\":{\"@type\":\"EntryPoint\",\"urlTemplate\":\"https:\\\/\\\/www.kban-festival-kusel.de\\\/?s={search_term_string}\"},\"query-input\":{\"@type\":\"PropertyValueSpecification\",\"valueRequired\":true,\"valueName\":\"search_term_string\"}}],\"inLanguage\":\"de\"},{\"@type\":\"Organization\",\"@id\":\"https:\\\/\\\/www.kban-festival-kusel.de\\\/#organization\",\"name\":\"Kein Bock auf Nazis Festival Kusel\",\"url\":\"https:\\\/\\\/www.kban-festival-kusel.de\\\/\",\"logo\":{\"@type\":\"ImageObject\",\"inLanguage\":\"de\",\"@id\":\"https:\\\/\\\/www.kban-festival-kusel.de\\\/#\\\/schema\\\/logo\\\/image\\\/\",\"url\":\"https:\\\/\\\/www.kban-festival-kusel.de\\\/wp-content\\\/uploads\\\/2023\\\/04\\\/cropped-header.jpg\",\"contentUrl\":\"https:\\\/\\\/www.kban-festival-kusel.de\\\/wp-content\\\/uploads\\\/2023\\\/04\\\/cropped-header.jpg\",\"width\":1000,\"height\":370,\"caption\":\"Kein Bock auf Nazis Festival Kusel\"},\"image\":{\"@id\":\"https:\\\/\\\/www.kban-festival-kusel.de\\\/#\\\/schema\\\/logo\\\/image\\\/\"},\"sameAs\":[\"https:\\\/\\\/www.facebook.com\\\/profile.php?id=100057395113347\"]},{\"@type\":\"Person\",\"@id\":\"https:\\\/\\\/www.kban-festival-kusel.de\\\/#\\\/schema\\\/person\\\/5135a86992201df79b1b068e098a9689\",\"name\":\"admin\",\"image\":{\"@type\":\"ImageObject\",\"inLanguage\":\"de\",\"@id\":\"https:\\\/\\\/secure.gravatar.com\\\/avatar\\\/0d7f04ceaeb5ee73069cfbeb92fbec6f1465b55f4be38defcc2737325ba33935?s=96&d=mm&r=g\",\"url\":\"https:\\\/\\\/secure.gravatar.com\\\/avatar\\\/0d7f04ceaeb5ee73069cfbeb92fbec6f1465b55f4be38defcc2737325ba33935?s=96&d=mm&r=g\",\"contentUrl\":\"https:\\\/\\\/secure.gravatar.com\\\/avatar\\\/0d7f04ceaeb5ee73069cfbeb92fbec6f1465b55f4be38defcc2737325ba33935?s=96&d=mm&r=g\",\"caption\":\"admin\"},\"sameAs\":[\"https:\\\/\\\/www.kban-festival-kusel.de\"],\"url\":\"https:\\\/\\\/www.kban-festival-kusel.de\\\/?author=1\"}]}<\/script>\n<!-- \/ Yoast SEO plugin. -->","yoast_head_json":{"title":"Abstimmung f\u00fcr KBAN-Festival Kusel aufgrund Nominierung f\u00fcr Publikumspreis des Ehrenamtspreises 2025 der Versicherungskammer Stiftung - Kein Bock auf Nazis Festival Kusel","robots":{"index":"index","follow":"follow","max-snippet":"max-snippet:-1","max-image-preview":"max-image-preview:large","max-video-preview":"max-video-preview:-1"},"canonical":"https:\/\/www.kban-festival-kusel.de\/?p=1485","og_locale":"de_DE","og_type":"article","og_title":"Abstimmung f\u00fcr KBAN-Festival Kusel aufgrund Nominierung f\u00fcr Publikumspreis des Ehrenamtspreises 2025 der Versicherungskammer Stiftung - Kein Bock auf Nazis Festival Kusel","og_description":"Wir sind dieses Jahr f\u00fcr den Publikumspreis des Ehrenamtspreises 2025 der Versicherungskammer Stiftung nominiert. Stimmt bitte f\u00fcr uns ab, damit wir das Festival auch in Zukunft antikapitalistisch und unkommerziell bei freiem Eintritt halten k\u00f6nnen&#8230; https:\/\/versicherungskammer-stiftung.de\/preise\/ehrenamtspreis\/ehrenamtspreis-2025\/publikumspreis\/ausschreibung\/kein-bock-auf-nazis-festival\/ Gerne k\u00f6nnt ihr dies auch &hellip; Weiterlesen &rarr;","og_url":"https:\/\/www.kban-festival-kusel.de\/?p=1485","og_site_name":"Kein Bock auf Nazis Festival Kusel","article_publisher":"https:\/\/www.facebook.com\/profile.php?id=100057395113347","article_published_time":"2025-05-23T08:16:03+00:00","author":"admin","twitter_card":"summary_large_image","twitter_misc":{"Verfasst von":"admin","Gesch\u00e4tzte Lesezeit":"1\u00a0Minute"},"schema":{"@context":"https:\/\/schema.org","@graph":[{"@type":"Article","@id":"https:\/\/www.kban-festival-kusel.de\/?p=1485#article","isPartOf":{"@id":"https:\/\/www.kban-festival-kusel.de\/?p=1485"},"author":{"name":"admin","@id":"https:\/\/www.kban-festival-kusel.de\/#\/schema\/person\/5135a86992201df79b1b068e098a9689"},"headline":"Abstimmung f\u00fcr KBAN-Festival Kusel aufgrund Nominierung f\u00fcr Publikumspreis des Ehrenamtspreises 2025 der Versicherungskammer Stiftung","datePublished":"2025-05-23T08:16:03+00:00","mainEntityOfPage":{"@id":"https:\/\/www.kban-festival-kusel.de\/?p=1485"},"wordCount":68,"publisher":{"@id":"https:\/\/www.kban-festival-kusel.de\/#organization"},"articleSection":["Uncategorized"],"inLanguage":"de"},{"@type":"WebPage","@id":"https:\/\/www.kban-festival-kusel.de\/?p=1485","url":"https:\/\/www.kban-festival-kusel.de\/?p=1485","name":"Abstimmung f\u00fcr KBAN-Festival Kusel aufgrund Nominierung f\u00fcr Publikumspreis des Ehrenamtspreises 2025 der Versicherungskammer Stiftung - Kein Bock auf Nazis Festival Kusel","isPartOf":{"@id":"https:\/\/www.kban-festival-kusel.de\/#website"},"datePublished":"2025-05-23T08:16:03+00:00","breadcrumb":{"@id":"https:\/\/www.kban-festival-kusel.de\/?p=1485#breadcrumb"},"inLanguage":"de","potentialAction":[{"@type":"ReadAction","target":["https:\/\/www.kban-festival-kusel.de\/?p=1485"]}]},{"@type":"BreadcrumbList","@id":"https:\/\/www.kban-festival-kusel.de\/?p=1485#breadcrumb","itemListElement":[{"@type":"ListItem","position":1,"name":"Startseite","item":"https:\/\/www.kban-festival-kusel.de\/"},{"@type":"ListItem","position":2,"name":"Abstimmung f\u00fcr KBAN-Festival Kusel aufgrund Nominierung f\u00fcr Publikumspreis des Ehrenamtspreises 2025 der Versicherungskammer Stiftung"}]},{"@type":"WebSite","@id":"https:\/\/www.kban-festival-kusel.de\/#website","url":"https:\/\/www.kban-festival-kusel.de\/","name":"Kein Bock auf Nazis Festival Kusel","description":"Kein Bock auf Nazis Festival Kusel - Gemeinsam gegen rechts","publisher":{"@id":"https:\/\/www.kban-festival-kusel.de\/#organization"},"potentialAction":[{"@type":"SearchAction","target":{"@type":"EntryPoint","urlTemplate":"https:\/\/www.kban-festival-kusel.de\/?s={search_term_string}"},"query-input":{"@type":"PropertyValueSpecification","valueRequired":true,"valueName":"search_term_string"}}],"inLanguage":"de"},{"@type":"Organization","@id":"https:\/\/www.kban-festival-kusel.de\/#organization","name":"Kein Bock auf Nazis Festival Kusel","url":"https:\/\/www.kban-festival-kusel.de\/","logo":{"@type":"ImageObject","inLanguage":"de","@id":"https:\/\/www.kban-festival-kusel.de\/#\/schema\/logo\/image\/","url":"https:\/\/www.kban-festival-kusel.de\/wp-content\/uploads\/2023\/04\/cropped-header.jpg","contentUrl":"https:\/\/www.kban-festival-kusel.de\/wp-content\/uploads\/2023\/04\/cropped-header.jpg","width":1000,"height":370,"caption":"Kein Bock auf Nazis Festival Kusel"},"image":{"@id":"https:\/\/www.kban-festival-kusel.de\/#\/schema\/logo\/image\/"},"sameAs":["https:\/\/www.facebook.com\/profile.php?id=100057395113347"]},{"@type":"Person","@id":"https:\/\/www.kban-festival-kusel.de\/#\/schema\/person\/5135a86992201df79b1b068e098a9689","name":"admin","image":{"@type":"ImageObject","inLanguage":"de","@id":"https:\/\/secure.gravatar.com\/avatar\/0d7f04ceaeb5ee73069cfbeb92fbec6f1465b55f4be38defcc2737325ba33935?s=96&d=mm&r=g","url":"https:\/\/secure.gravatar.com\/avatar\/0d7f04ceaeb5ee73069cfbeb92fbec6f1465b55f4be38defcc2737325ba33935?s=96&d=mm&r=g","contentUrl":"https:\/\/secure.gravatar.com\/avatar\/0d7f04ceaeb5ee73069cfbeb92fbec6f1465b55f4be38defcc2737325ba33935?s=96&d=mm&r=g","caption":"admin"},"sameAs":["https:\/\/www.kban-festival-kusel.de"],"url":"https:\/\/www.kban-festival-kusel.de\/?author=1"}]}},"_links":{"self":[{"href":"https:\/\/www.kban-festival-kusel.de\/index.php?rest_route=\/wp\/v2\/posts\/1485","targetHints":{"allow":["GET"]}}],"collection":[{"href":"https:\/\/www.kban-festival-kusel.de\/index.php?rest_route=\/wp\/v2\/posts"}],"about":[{"href":"https:\/\/www.kban-festival-kusel.de\/index.php?rest_route=\/wp\/v2\/types\/post"}],"author":[{"embeddable":true,"href":"https:\/\/www.kban-festival-kusel.de\/index.php?rest_route=\/wp\/v2\/users\/1"}],"replies":[{"embeddable":true,"href":"https:\/\/www.kban-festival-kusel.de\/index.php?rest_route=%2Fwp%2Fv2%2Fcomments&post=1485"}],"version-history":[{"count":1,"href":"https:\/\/www.kban-festival-kusel.de\/index.php?rest_route=\/wp\/v2\/posts\/1485\/revisions"}],"predecessor-version":[{"id":1486,"href":"https:\/\/www.kban-festival-kusel.de\/index.php?rest_route=\/wp\/v2\/posts\/1485\/revisions\/1486"}],"wp:attachment":[{"href":"https:\/\/www.kban-festival-kusel.de\/index.php?rest_route=%2Fwp%2Fv2%2Fmedia&parent=1485"}],"wp:term":[{"taxonomy":"category","embeddable":true,"href":"https:\/\/www.kban-festival-kusel.de\/index.php?rest_route=%2Fwp%2Fv2%2Fcategories&post=1485"},{"taxonomy":"post_tag","embeddable":true,"href":"https:\/\/www.kban-festival-kusel.de\/index.php?rest_route=%2Fwp%2Fv2%2Ftags&post=1485"}],"curies":[{"name":"wp","href":"https:\/\/api.w.org\/{rel}","templated":true}]}}